{"id":153,"date":"2024-10-07T16:36:21","date_gmt":"2024-10-07T14:36:21","guid":{"rendered":"http:\/\/trentengerbuehn.lu\/new\/?p=153"},"modified":"2025-10-06T15:38:18","modified_gmt":"2025-10-06T13:38:18","slug":"fir-seng-famill-kann-een-net","status":"publish","type":"post","link":"http:\/\/trentengerbuehn.lu\/new\/2024\/10\/07\/fir-seng-famill-kann-een-net\/","title":{"rendered":"Fir seng Famill kann een net"},"content":{"rendered":"\n<p>Eng l\u00ebschteg Komedie vum Hans Schimmel &#8211; L\u00ebtzebuergesch Fassung vum Pierre Alzin<\/p>\n\n\n\n<p class=\"has-medium-font-size\">D&#8216; Tr\u00ebntenger B\u00fchn invit\u00e9iert op hir Theaterowender:<br>&#8211; Freides, de 25. Oktober 2024 um 20.00 Auer<br>&#8211; Samschdes, de 26. Oktober um 20.00 Auer<br>&#8211; Sonndes, den 27. Oktober um 17.00 Auer<\/p>\n\n\n\n<p><\/p>\n\n\n\n<p><\/p>\n\n\n\n<figure class=\"wp-block-gallery has-nested-images columns-default is-cropped wp-block-gallery-1 is-layout-flex wp-block-gallery-is-layout-flex\">\n<figure class=\"wp-block-image size-large\"><img fetchpriority=\"high\" decoding=\"async\" width=\"723\" height=\"1024\" data-id=\"156\" src=\"http:\/\/trentengerbuehn.lu\/new\/wp-content\/uploads\/2024\/10\/Theater-2024_01-723x1024.jpg\" alt=\"\" class=\"wp-image-156\" srcset=\"http:\/\/trentengerbuehn.lu\/new\/wp-content\/uploads\/2024\/10\/Theater-2024_01-723x1024.jpg 723w, http:\/\/trentengerbuehn.lu\/new\/wp-content\/uploads\/2024\/10\/Theater-2024_01-212x300.jpg 212w, http:\/\/trentengerbuehn.lu\/new\/wp-content\/uploads\/2024\/10\/Theater-2024_01-768x1088.jpg 768w, http:\/\/trentengerbuehn.lu\/new\/wp-content\/uploads\/2024\/10\/Theater-2024_01-230x326.jpg 230w, http:\/\/trentengerbuehn.lu\/new\/wp-content\/uploads\/2024\/10\/Theater-2024_01-350x496.jpg 350w, http:\/\/trentengerbuehn.lu\/new\/wp-content\/uploads\/2024\/10\/Theater-2024_01-480x680.jpg 480w, http:\/\/trentengerbuehn.lu\/new\/wp-content\/uploads\/2024\/10\/Theater-2024_01.jpg 792w\" sizes=\"(max-width: 723px) 100vw, 723px\" \/><\/figure>\n\n\n\n<figure class=\"wp-block-image size-large\"><img decoding=\"async\" width=\"717\" height=\"1024\" data-id=\"157\" src=\"http:\/\/trentengerbuehn.lu\/new\/wp-content\/uploads\/2024\/10\/Theater-2024_02-717x1024.jpg\" alt=\"\" class=\"wp-image-157\" srcset=\"http:\/\/trentengerbuehn.lu\/new\/wp-content\/uploads\/2024\/10\/Theater-2024_02-717x1024.jpg 717w, http:\/\/trentengerbuehn.lu\/new\/wp-content\/uploads\/2024\/10\/Theater-2024_02-210x300.jpg 210w, http:\/\/trentengerbuehn.lu\/new\/wp-content\/uploads\/2024\/10\/Theater-2024_02-768x1097.jpg 768w, http:\/\/trentengerbuehn.lu\/new\/wp-content\/uploads\/2024\/10\/Theater-2024_02-230x329.jpg 230w, http:\/\/trentengerbuehn.lu\/new\/wp-content\/uploads\/2024\/10\/Theater-2024_02-350x500.jpg 350w, http:\/\/trentengerbuehn.lu\/new\/wp-content\/uploads\/2024\/10\/Theater-2024_02-480x686.jpg 480w, http:\/\/trentengerbuehn.lu\/new\/wp-content\/uploads\/2024\/10\/Theater-2024_02.jpg 782w\" sizes=\"(max-width: 717px) 100vw, 717px\" \/><\/figure>\n<\/figure>\n","protected":false},"excerpt":{"rendered":"<p>Eng l\u00ebschteg Komedie vum Hans Schimmel &#8211; L\u00ebtzebuergesch Fassung vum Pierre Alzin D&#8216; Tr\u00ebntenger B\u00fchn invit\u00e9iert op hir Theaterowender:&#8211; Freides, de 25. Oktober 2024 um 20.00 Auer&#8211; Samschdes, de 26. Oktober um 20.00 Auer&#8211; Sonndes, den 27. Oktober um 17.00 Auer<\/p>\n","protected":false},"author":1,"featured_media":156,"comment_status":"open","ping_status":"open","sticky":false,"template":"","format":"standard","meta":{"footnotes":""},"categories":[4,3],"tags":[],"class_list":["post-153","post","type-post","status-publish","format-standard","has-post-thumbnail","hentry","category-manifestatiounen","category-news"],"_links":{"self":[{"href":"http:\/\/trentengerbuehn.lu\/new\/wp-json\/wp\/v2\/posts\/153","targetHints":{"allow":["GET"]}}],"collection":[{"href":"http:\/\/trentengerbuehn.lu\/new\/wp-json\/wp\/v2\/posts"}],"about":[{"href":"http:\/\/trentengerbuehn.lu\/new\/wp-json\/wp\/v2\/types\/post"}],"author":[{"embeddable":true,"href":"http:\/\/trentengerbuehn.lu\/new\/wp-json\/wp\/v2\/users\/1"}],"replies":[{"embeddable":true,"href":"http:\/\/trentengerbuehn.lu\/new\/wp-json\/wp\/v2\/comments?post=153"}],"version-history":[{"count":4,"href":"http:\/\/trentengerbuehn.lu\/new\/wp-json\/wp\/v2\/posts\/153\/revisions"}],"predecessor-version":[{"id":180,"href":"http:\/\/trentengerbuehn.lu\/new\/wp-json\/wp\/v2\/posts\/153\/revisions\/180"}],"wp:featuredmedia":[{"embeddable":true,"href":"http:\/\/trentengerbuehn.lu\/new\/wp-json\/wp\/v2\/media\/156"}],"wp:attachment":[{"href":"http:\/\/trentengerbuehn.lu\/new\/wp-json\/wp\/v2\/media?parent=153"}],"wp:term":[{"taxonomy":"category","embeddable":true,"href":"http:\/\/trentengerbuehn.lu\/new\/wp-json\/wp\/v2\/categories?post=153"},{"taxonomy":"post_tag","embeddable":true,"href":"http:\/\/trentengerbuehn.lu\/new\/wp-json\/wp\/v2\/tags?post=153"}],"curies":[{"name":"wp","href":"https:\/\/api.w.org\/{rel}","templated":true}]}}