{"id":102,"date":"2019-10-04T17:59:38","date_gmt":"2019-10-04T15:59:38","guid":{"rendered":"http:\/\/trentengerbuehn.lu\/new\/?p=102"},"modified":"2019-10-04T18:00:25","modified_gmt":"2019-10-04T16:00:25","slug":"zwee-buergermeeschtere-fir-een-alleluja","status":"publish","type":"post","link":"http:\/\/trentengerbuehn.lu\/new\/2019\/10\/04\/zwee-buergermeeschtere-fir-een-alleluja\/","title":{"rendered":"Zwee Buergermeeschtere fir een Alleluja"},"content":{"rendered":"\t\t<div data-elementor-type=\"wp-post\" data-elementor-id=\"102\" class=\"elementor elementor-102 elementor-bc-flex-widget\">\n\t\t\t\t\t\t<section class=\"elementor-section elementor-top-section elementor-element elementor-element-q4nquua elementor-section-boxed elementor-section-height-default elementor-section-height-default\" data-id=\"q4nquua\" data-element_type=\"section\" data-e-type=\"section\">\n\t\t\t\t\t\t<div class=\"elementor-container elementor-column-gap-default\">\n\t\t\t\t\t<div class=\"elementor-column elementor-col-100 elementor-top-column elementor-element elementor-element-wgrlsmt\" data-id=\"wgrlsmt\" data-element_type=\"column\" data-e-type=\"column\">\n\t\t\t<div class=\"elementor-widget-wrap elementor-element-populated\">\n\t\t\t\t\t\t<div class=\"elementor-element elementor-element-hj1ngcq elementor-widget elementor-widget-text-editor\" data-id=\"hj1ngcq\" data-element_type=\"widget\" data-e-type=\"widget\" data-widget_type=\"text-editor.default\">\n\t\t\t\t<div class=\"elementor-widget-container\">\n\t\t\t\t\t\t\t\t\t<p><span style=\"color: #000000;\">D&#8217;Tr\u00ebntenger B\u00fchn invit\u00e9iert op hir Theaterowender Sachsmchdes, den 19. &amp; 26. Oktober a Sonndes den 27. Oktober zu Waldbriedemes am Centre Culturel.\u00a0<\/span><br \/><span style=\"color: #000000;\">Gespillt g\u00ebtt &#8222;Zwee Buergermeeschtere fir een Alleluja&#8220;, e l\u00ebschtegen Dr\u00e4iakter vum Carsten Schreier, l\u00ebtzebuergesch Fassung vum Roby Zenner.<\/span><\/p>\t\t\t\t\t\t\t\t<\/div>\n\t\t\t\t<\/div>\n\t\t\t\t\t<\/div>\n\t\t<\/div>\n\t\t\t\t\t<\/div>\n\t\t<\/section>\n\t\t\t\t<section class=\"elementor-section elementor-top-section elementor-element elementor-element-qieumkq elementor-section-boxed elementor-section-height-default elementor-section-height-default\" data-id=\"qieumkq\" data-element_type=\"section\" data-e-type=\"section\">\n\t\t\t\t\t\t<div class=\"elementor-container elementor-column-gap-default\">\n\t\t\t\t\t<div class=\"elementor-column elementor-col-100 elementor-top-column elementor-element elementor-element-dwopj0o\" data-id=\"dwopj0o\" data-element_type=\"column\" data-e-type=\"column\">\n\t\t\t<div class=\"elementor-widget-wrap elementor-element-populated\">\n\t\t\t\t\t\t<div class=\"elementor-element elementor-element-g82miwq elementor-widget elementor-widget-image\" data-id=\"g82miwq\" data-element_type=\"widget\" data-e-type=\"widget\" data-widget_type=\"image.default\">\n\t\t\t\t<div class=\"elementor-widget-container\">\n\t\t\t\t\t\t\t\t\t\t\t\t\t\t\t<img fetchpriority=\"high\" decoding=\"async\" width=\"1024\" height=\"728\" src=\"http:\/\/trentengerbuehn.lu\/new\/wp-content\/uploads\/2019\/10\/TB_Flyer-2019_WEB-1024x728.jpg\" class=\"attachment-large size-large wp-image-99\" alt=\"\" srcset=\"http:\/\/trentengerbuehn.lu\/new\/wp-content\/uploads\/2019\/10\/TB_Flyer-2019_WEB-1024x728.jpg 1024w, http:\/\/trentengerbuehn.lu\/new\/wp-content\/uploads\/2019\/10\/TB_Flyer-2019_WEB-300x213.jpg 300w, http:\/\/trentengerbuehn.lu\/new\/wp-content\/uploads\/2019\/10\/TB_Flyer-2019_WEB-768x546.jpg 768w, http:\/\/trentengerbuehn.lu\/new\/wp-content\/uploads\/2019\/10\/TB_Flyer-2019_WEB-830x590.jpg 830w, http:\/\/trentengerbuehn.lu\/new\/wp-content\/uploads\/2019\/10\/TB_Flyer-2019_WEB-230x164.jpg 230w, http:\/\/trentengerbuehn.lu\/new\/wp-content\/uploads\/2019\/10\/TB_Flyer-2019_WEB-350x249.jpg 350w, http:\/\/trentengerbuehn.lu\/new\/wp-content\/uploads\/2019\/10\/TB_Flyer-2019_WEB-480x341.jpg 480w, http:\/\/trentengerbuehn.lu\/new\/wp-content\/uploads\/2019\/10\/TB_Flyer-2019_WEB.jpg 1541w\" sizes=\"(max-width: 1024px) 100vw, 1024px\" \/>\t\t\t\t\t\t\t\t\t\t\t\t\t\t\t<\/div>\n\t\t\t\t<\/div>\n\t\t\t\t<div class=\"elementor-element elementor-element-r2naxtq elementor-widget elementor-widget-image\" data-id=\"r2naxtq\" data-element_type=\"widget\" data-e-type=\"widget\" data-widget_type=\"image.default\">\n\t\t\t\t<div class=\"elementor-widget-container\">\n\t\t\t\t\t\t\t\t\t\t\t\t\t\t\t<img decoding=\"async\" width=\"1024\" height=\"728\" src=\"http:\/\/trentengerbuehn.lu\/new\/wp-content\/uploads\/2019\/10\/TB_Flyer-2019_WEB2-1024x728.jpg\" class=\"attachment-large size-large wp-image-100\" alt=\"\" srcset=\"http:\/\/trentengerbuehn.lu\/new\/wp-content\/uploads\/2019\/10\/TB_Flyer-2019_WEB2-1024x728.jpg 1024w, http:\/\/trentengerbuehn.lu\/new\/wp-content\/uploads\/2019\/10\/TB_Flyer-2019_WEB2-300x213.jpg 300w, http:\/\/trentengerbuehn.lu\/new\/wp-content\/uploads\/2019\/10\/TB_Flyer-2019_WEB2-768x546.jpg 768w, http:\/\/trentengerbuehn.lu\/new\/wp-content\/uploads\/2019\/10\/TB_Flyer-2019_WEB2-830x590.jpg 830w, http:\/\/trentengerbuehn.lu\/new\/wp-content\/uploads\/2019\/10\/TB_Flyer-2019_WEB2-230x164.jpg 230w, http:\/\/trentengerbuehn.lu\/new\/wp-content\/uploads\/2019\/10\/TB_Flyer-2019_WEB2-350x249.jpg 350w, http:\/\/trentengerbuehn.lu\/new\/wp-content\/uploads\/2019\/10\/TB_Flyer-2019_WEB2-480x341.jpg 480w, http:\/\/trentengerbuehn.lu\/new\/wp-content\/uploads\/2019\/10\/TB_Flyer-2019_WEB2.jpg 1541w\" sizes=\"(max-width: 1024px) 100vw, 1024px\" \/>\t\t\t\t\t\t\t\t\t\t\t\t\t\t\t<\/div>\n\t\t\t\t<\/div>\n\t\t\t\t\t<\/div>\n\t\t<\/div>\n\t\t\t\t\t<\/div>\n\t\t<\/section>\n\t\t\t\t<\/div>\n\t\t","protected":false},"excerpt":{"rendered":"<p>D&#8217;Tr\u00ebntenger B\u00fchn invit\u00e9iert op hir Theaterowender Sachsmchdes, den 19. &amp; 26. Oktober a Sonndes den 27. Oktober zu Waldbriedemes am Centre Culturel.\u00a0Gespillt g\u00ebtt &#8222;Zwee Buergermeeschtere fir een Alleluja&#8220;, e l\u00ebschtegen Dr\u00e4iakter vum Carsten Schreier, l\u00ebtzebuergesch Fassung vum Roby Zenner.<\/p>\n","protected":false},"author":1,"featured_media":101,"comment_status":"closed","ping_status":"closed","sticky":false,"template":"","format":"standard","meta":{"footnotes":""},"categories":[4,3],"tags":[],"class_list":["post-102","post","type-post","status-publish","format-standard","has-post-thumbnail","hentry","category-manifestatiounen","category-news"],"_links":{"self":[{"href":"http:\/\/trentengerbuehn.lu\/new\/wp-json\/wp\/v2\/posts\/102","targetHints":{"allow":["GET"]}}],"collection":[{"href":"http:\/\/trentengerbuehn.lu\/new\/wp-json\/wp\/v2\/posts"}],"about":[{"href":"http:\/\/trentengerbuehn.lu\/new\/wp-json\/wp\/v2\/types\/post"}],"author":[{"embeddable":true,"href":"http:\/\/trentengerbuehn.lu\/new\/wp-json\/wp\/v2\/users\/1"}],"replies":[{"embeddable":true,"href":"http:\/\/trentengerbuehn.lu\/new\/wp-json\/wp\/v2\/comments?post=102"}],"version-history":[{"count":4,"href":"http:\/\/trentengerbuehn.lu\/new\/wp-json\/wp\/v2\/posts\/102\/revisions"}],"predecessor-version":[{"id":106,"href":"http:\/\/trentengerbuehn.lu\/new\/wp-json\/wp\/v2\/posts\/102\/revisions\/106"}],"wp:featuredmedia":[{"embeddable":true,"href":"http:\/\/trentengerbuehn.lu\/new\/wp-json\/wp\/v2\/media\/101"}],"wp:attachment":[{"href":"http:\/\/trentengerbuehn.lu\/new\/wp-json\/wp\/v2\/media?parent=102"}],"wp:term":[{"taxonomy":"category","embeddable":true,"href":"http:\/\/trentengerbuehn.lu\/new\/wp-json\/wp\/v2\/categories?post=102"},{"taxonomy":"post_tag","embeddable":true,"href":"http:\/\/trentengerbuehn.lu\/new\/wp-json\/wp\/v2\/tags?post=102"}],"curies":[{"name":"wp","href":"https:\/\/api.w.org\/{rel}","templated":true}]}}